{"id":1453,"date":"2011-01-01T00:00:01","date_gmt":"2010-12-31T23:00:01","guid":{"rendered":"http:\/\/joachim-ortner.net\/viewju\/?p=1453"},"modified":"2021-01-18T12:58:44","modified_gmt":"2021-01-18T11:58:44","slug":"berlin","status":"publish","type":"post","link":"https:\/\/joachim-ortner.net\/viewju\/berlin\/","title":{"rendered":"Berlin 2011"},"content":{"rendered":"<p><strong>2011<\/strong><\/p>\n<p>Die vereinte Stadt &#8211; eine Stadt mit Flair und Wohlf\u00fchl-Charme mit<br \/>\nDDR-Flashbacks und Hauptstadt-Stress.<\/p>\nngg_shortcode_0_placeholder\n","protected":false},"excerpt":{"rendered":"<p>2011 Die vereinte Stadt &#8211; eine Stadt mit Flair und Wohlf\u00fchl-Charme mit DDR-Flashbacks und Hauptstadt-Stress. &nbsp;<\/p>\n","protected":false},"author":1,"featured_media":4993,"comment_status":"open","ping_status":"open","sticky":false,"template":"","format":"standard","meta":{"_monsterinsights_skip_tracking":false,"_monsterinsights_sitenote_active":false,"_monsterinsights_sitenote_note":"","_monsterinsights_sitenote_category":0,"ngg_post_thumbnail":0,"jetpack_post_was_ever_published":false,"_jetpack_newsletter_access":"","_jetpack_dont_email_post_to_subs":true,"_jetpack_newsletter_tier_id":0,"_jetpack_memberships_contains_paywalled_content":false,"_jetpack_memberships_contains_paid_content":false,"footnotes":"","jetpack_publicize_message":"","jetpack_publicize_feature_enabled":true,"jetpack_social_post_already_shared":false,"jetpack_social_options":{"image_generator_settings":{"template":"highway","default_image_id":0,"font":"","enabled":false},"version":2}},"categories":[11,9],"tags":[],"class_list":["post-1453","post","type-post","status-publish","format-standard","has-post-thumbnail","hentry","category-europa","category-vergangenes"],"jetpack_publicize_connections":[],"jetpack_featured_media_url":"https:\/\/i0.wp.com\/joachim-ortner.net\/viewju\/wp-content\/uploads\/ngg_featured\/IMG_0091.JPG?fit=960%2C640&ssl=1","jetpack_sharing_enabled":true,"jetpack_shortlink":"https:\/\/wp.me\/s6X4XM-berlin","jetpack-related-posts":[{"id":1462,"url":"https:\/\/joachim-ortner.net\/viewju\/tschechien-prag-und-krumlau-2010-2011\/","url_meta":{"origin":1453,"position":0},"title":"Tschechien &#8211; Prag und Krumlau 2010 \/ 2011","author":"Joachim","date":"1. Januar 2011","format":false,"excerpt":"2010\/2011 Kn\u00f6del, Ente, Kraut, Bier, was willst mehr? ;-) \u00a0","rel":"","context":"In &quot;Europa&quot;","block_context":{"text":"Europa","link":"https:\/\/joachim-ortner.net\/viewju\/category\/vergangenes\/europa\/"},"img":{"alt_text":"","src":"https:\/\/i0.wp.com\/joachim-ortner.net\/viewju\/wp-content\/uploads\/ngg_featured\/IMG_0211.JPG?fit=960%2C640&ssl=1&resize=350%2C200","width":350,"height":200,"srcset":"https:\/\/i0.wp.com\/joachim-ortner.net\/viewju\/wp-content\/uploads\/ngg_featured\/IMG_0211.JPG?fit=960%2C640&ssl=1&resize=350%2C200 1x, https:\/\/i0.wp.com\/joachim-ortner.net\/viewju\/wp-content\/uploads\/ngg_featured\/IMG_0211.JPG?fit=960%2C640&ssl=1&resize=525%2C300 1.5x, https:\/\/i0.wp.com\/joachim-ortner.net\/viewju\/wp-content\/uploads\/ngg_featured\/IMG_0211.JPG?fit=960%2C640&ssl=1&resize=700%2C400 2x"},"classes":[]},{"id":179,"url":"https:\/\/joachim-ortner.net\/viewju\/venedig-all-time-favorite\/","url_meta":{"origin":1453,"position":1},"title":"Venedig &#8211; all time favorite","author":"Joachim","date":"17. Dezember 2011","format":false,"excerpt":"2011 2012 2013 2015 all time favorite","rel":"","context":"In &quot;Europa&quot;","block_context":{"text":"Europa","link":"https:\/\/joachim-ortner.net\/viewju\/category\/vergangenes\/europa\/"},"img":{"alt_text":"","src":"https:\/\/i0.wp.com\/joachim-ortner.net\/viewju\/wp-content\/uploads\/ngg_featured\/20121208-IMG_0105.JPG?fit=960%2C640&ssl=1&resize=350%2C200","width":350,"height":200,"srcset":"https:\/\/i0.wp.com\/joachim-ortner.net\/viewju\/wp-content\/uploads\/ngg_featured\/20121208-IMG_0105.JPG?fit=960%2C640&ssl=1&resize=350%2C200 1x, https:\/\/i0.wp.com\/joachim-ortner.net\/viewju\/wp-content\/uploads\/ngg_featured\/20121208-IMG_0105.JPG?fit=960%2C640&ssl=1&resize=525%2C300 1.5x, https:\/\/i0.wp.com\/joachim-ortner.net\/viewju\/wp-content\/uploads\/ngg_featured\/20121208-IMG_0105.JPG?fit=960%2C640&ssl=1&resize=700%2C400 2x"},"classes":[]},{"id":6153,"url":"https:\/\/joachim-ortner.net\/viewju\/hanoi-ein-staedtehighlight-im-norden-vietnams\/","url_meta":{"origin":1453,"position":2},"title":"Vietnam: Hanoi \u2013 ein St\u00e4dtehighlight im Norden Vietnams","author":"Joachim","date":"23. November 2016","format":false,"excerpt":"11.11. - 13.11., 21.-23.11 Wenn man an seinem Altstadthotel angekommen aus dem Taxi steigt, dann ist man \u00fcberzeugt, dass man zwischen den kreuz und quer ohne erkennbares System herumfahrenden Mopeds, Autos, Bussen, Fahrr\u00e4dern und Fahrradrikschas niemals unbeschadet eine Stra\u00dfe wird \u00fcberqueren k\u00f6nnen. Aber \u2013 kaum zu glauben \u2013 es funktioniert!\u2026","rel":"","context":"In &quot;Asien&quot;","block_context":{"text":"Asien","link":"https:\/\/joachim-ortner.net\/viewju\/category\/vergangenes\/asien\/"},"img":{"alt_text":"","src":"https:\/\/i0.wp.com\/joachim-ortner.net\/viewju\/wp-content\/uploads\/ngg_featured\/20161113-IMG_9253.jpg?fit=640%2C960&ssl=1&resize=350%2C200","width":350,"height":200,"srcset":"https:\/\/i0.wp.com\/joachim-ortner.net\/viewju\/wp-content\/uploads\/ngg_featured\/20161113-IMG_9253.jpg?fit=640%2C960&ssl=1&resize=350%2C200 1x, https:\/\/i0.wp.com\/joachim-ortner.net\/viewju\/wp-content\/uploads\/ngg_featured\/20161113-IMG_9253.jpg?fit=640%2C960&ssl=1&resize=525%2C300 1.5x"},"classes":[]},{"id":6201,"url":"https:\/\/joachim-ortner.net\/viewju\/hoi-an-und-hue-bunte-lampions-und-alte-kaiserdynastien\/","url_meta":{"origin":1453,"position":3},"title":"Vietnam: Hoi An und Hue &#8211; bunte Lampions und alte Kaiserdynastien","author":"Joachim","date":"1. Dezember 2016","format":false,"excerpt":"23.11. - 28.11 Hoi An liegt so ziemlich in der Mitte von Vietnam - quasi am halben Weg zwischen Hanoi und Ho Chi Minh Stadt. Die Stadt selbst ist ein mit Lampions und 100en kleinen Gesch\u00e4ften, Galerien und Restaurants aufgeputztes \u00d6rtchen, f\u00fcr dessen Besuch man sogar Eintritt zahlen muss :-),\u2026","rel":"","context":"In &quot;Asien&quot;","block_context":{"text":"Asien","link":"https:\/\/joachim-ortner.net\/viewju\/category\/vergangenes\/asien\/"},"img":{"alt_text":"","src":"https:\/\/i0.wp.com\/joachim-ortner.net\/viewju\/wp-content\/uploads\/ngg_featured\/20161127-IMG_0681.jpg?fit=960%2C640&ssl=1&resize=350%2C200","width":350,"height":200,"srcset":"https:\/\/i0.wp.com\/joachim-ortner.net\/viewju\/wp-content\/uploads\/ngg_featured\/20161127-IMG_0681.jpg?fit=960%2C640&ssl=1&resize=350%2C200 1x, https:\/\/i0.wp.com\/joachim-ortner.net\/viewju\/wp-content\/uploads\/ngg_featured\/20161127-IMG_0681.jpg?fit=960%2C640&ssl=1&resize=525%2C300 1.5x, https:\/\/i0.wp.com\/joachim-ortner.net\/viewju\/wp-content\/uploads\/ngg_featured\/20161127-IMG_0681.jpg?fit=960%2C640&ssl=1&resize=700%2C400 2x"},"classes":[]},{"id":6146,"url":"https:\/\/joachim-ortner.net\/viewju\/luang-prabang-kulinarisch-spannend-bei-entspanntem-flair\/","url_meta":{"origin":1453,"position":4},"title":"Laos: Luang Prabang \u2013 kulinarisch spannend bei entspanntem Flair","author":"Joachim","date":"12. November 2016","format":false,"excerpt":"7.11. - 11.11 Wer in Luang Prabang durch die Altstadtgassen \u2013 eingebettet zwischen Menkong auf der einen und Nam Khan Fluss auf der anderen Seite \u2013 spaziert, der ist irgendwie sofort total relaxt. Liegt vielleicht an den vielen \u201eWat\u201c (Buddhistische Tempel) und den zahlreichen orange gekleideten M\u00f6nchen, die in der\u2026","rel":"","context":"In &quot;Asien&quot;","block_context":{"text":"Asien","link":"https:\/\/joachim-ortner.net\/viewju\/category\/vergangenes\/asien\/"},"img":{"alt_text":"","src":"https:\/\/i0.wp.com\/joachim-ortner.net\/viewju\/wp-content\/uploads\/ngg_featured\/20161110-IMG_8885.jpg?fit=960%2C640&ssl=1&resize=350%2C200","width":350,"height":200,"srcset":"https:\/\/i0.wp.com\/joachim-ortner.net\/viewju\/wp-content\/uploads\/ngg_featured\/20161110-IMG_8885.jpg?fit=960%2C640&ssl=1&resize=350%2C200 1x, https:\/\/i0.wp.com\/joachim-ortner.net\/viewju\/wp-content\/uploads\/ngg_featured\/20161110-IMG_8885.jpg?fit=960%2C640&ssl=1&resize=525%2C300 1.5x, https:\/\/i0.wp.com\/joachim-ortner.net\/viewju\/wp-content\/uploads\/ngg_featured\/20161110-IMG_8885.jpg?fit=960%2C640&ssl=1&resize=700%2C400 2x"},"classes":[]},{"id":4049,"url":"https:\/\/joachim-ortner.net\/viewju\/bangkok-zum-abschluss\/","url_meta":{"origin":1453,"position":5},"title":"Thailand 2016 &#8211; Bangkok zum Abschluss","author":"Joachim","date":"6. Februar 2016","format":false,"excerpt":"Ein bisschen durchwachsen waren die letzten Tage in Bangkok. Mich hatte eine Infektion erwischt durch Sandfloh-Stiche (oder Bisse - egal :-) ) - daher waren einige Tage Bettruhe mit Fieber, Arztbesuche und Antibiotika angesagt. Uschi konnte wenigstens Mitbringsel in diversen Shopping-Malls jagen. Ein paar Eindr\u00fccke und Fotos sind noch zusammen\u2026","rel":"","context":"In &quot;Asien&quot;","block_context":{"text":"Asien","link":"https:\/\/joachim-ortner.net\/viewju\/category\/vergangenes\/asien\/"},"img":{"alt_text":"","src":"https:\/\/i0.wp.com\/joachim-ortner.net\/viewju\/wp-content\/uploads\/ngg_featured\/20160110-IMG_5225.JPG?fit=960%2C640&ssl=1&resize=350%2C200","width":350,"height":200,"srcset":"https:\/\/i0.wp.com\/joachim-ortner.net\/viewju\/wp-content\/uploads\/ngg_featured\/20160110-IMG_5225.JPG?fit=960%2C640&ssl=1&resize=350%2C200 1x, https:\/\/i0.wp.com\/joachim-ortner.net\/viewju\/wp-content\/uploads\/ngg_featured\/20160110-IMG_5225.JPG?fit=960%2C640&ssl=1&resize=525%2C300 1.5x, https:\/\/i0.wp.com\/joachim-ortner.net\/viewju\/wp-content\/uploads\/ngg_featured\/20160110-IMG_5225.JPG?fit=960%2C640&ssl=1&resize=700%2C400 2x"},"classes":[]}],"_links":{"self":[{"href":"https:\/\/joachim-ortner.net\/viewju\/wp-json\/wp\/v2\/posts\/1453","targetHints":{"allow":["GET"]}}],"collection":[{"href":"https:\/\/joachim-ortner.net\/viewju\/wp-json\/wp\/v2\/posts"}],"about":[{"href":"https:\/\/joachim-ortner.net\/viewju\/wp-json\/wp\/v2\/types\/post"}],"author":[{"embeddable":true,"href":"https:\/\/joachim-ortner.net\/viewju\/wp-json\/wp\/v2\/users\/1"}],"replies":[{"embeddable":true,"href":"https:\/\/joachim-ortner.net\/viewju\/wp-json\/wp\/v2\/comments?post=1453"}],"version-history":[{"count":2,"href":"https:\/\/joachim-ortner.net\/viewju\/wp-json\/wp\/v2\/posts\/1453\/revisions"}],"predecessor-version":[{"id":9863,"href":"https:\/\/joachim-ortner.net\/viewju\/wp-json\/wp\/v2\/posts\/1453\/revisions\/9863"}],"wp:featuredmedia":[{"embeddable":true,"href":"https:\/\/joachim-ortner.net\/viewju\/wp-json\/wp\/v2\/media\/4993"}],"wp:attachment":[{"href":"https:\/\/joachim-ortner.net\/viewju\/wp-json\/wp\/v2\/media?parent=1453"}],"wp:term":[{"taxonomy":"category","embeddable":true,"href":"https:\/\/joachim-ortner.net\/viewju\/wp-json\/wp\/v2\/categories?post=1453"},{"taxonomy":"post_tag","embeddable":true,"href":"https:\/\/joachim-ortner.net\/viewju\/wp-json\/wp\/v2\/tags?post=1453"}],"curies":[{"name":"wp","href":"https:\/\/api.w.org\/{rel}","templated":true}]}}